{"id":50,"date":"2026-07-10T06:30:00","date_gmt":"2026-07-10T06:30:00","guid":{"rendered":"https:\/\/skutecznirazem.pl\/?p=50"},"modified":"2026-07-09T21:55:26","modified_gmt":"2026-07-09T21:55:26","slug":"wystartowalismy-nowa-inicjatywa-dla-powiatu-gdanskiego-stowarzyszenie-skuteczni-razem","status":"publish","type":"post","link":"https:\/\/skutecznirazem.pl\/index.php\/2026\/07\/10\/wystartowalismy-nowa-inicjatywa-dla-powiatu-gdanskiego-stowarzyszenie-skuteczni-razem\/","title":{"rendered":"Wystartowali\u015bmy! Nowa inicjatywa dla powiatu gda\u0144skiego: Stowarzyszenie \u201eSkuteczni Razem\u201d"},"content":{"rendered":"\n<figure class=\"wp-block-image size-large\"><img fetchpriority=\"high\" decoding=\"async\" width=\"1024\" height=\"619\" src=\"http:\/\/skutecznirazem.pl\/wp-content\/uploads\/2026\/07\/skuteczni-1024x619.jpg\" alt=\"\" class=\"wp-image-51\" srcset=\"https:\/\/skutecznirazem.pl\/wp-content\/uploads\/2026\/07\/skuteczni-1024x619.jpg 1024w, https:\/\/skutecznirazem.pl\/wp-content\/uploads\/2026\/07\/skuteczni-300x181.jpg 300w, https:\/\/skutecznirazem.pl\/wp-content\/uploads\/2026\/07\/skuteczni-768x464.jpg 768w, https:\/\/skutecznirazem.pl\/wp-content\/uploads\/2026\/07\/skuteczni.jpg 1187w\" sizes=\"(max-width: 1024px) 100vw, 1024px\" \/><\/figure>\n\n\n\n<p class=\"wp-block-paragraph\"><strong>Z rado\u015bci\u0105 oficjalnie og\u0142aszamy powstanie nowej, oddolnej inicjatywy mieszka\u0144c\u00f3w \u2013 Stowarzyszenia Samorz\u0105dowego \u201eSkuteczni Razem\u201d. Powstali\u015bmy z prostej potrzeby: chcemy mie\u0107 realny wp\u0142yw na to, jak wygl\u0105da nasza najbli\u017csza okolica. Zamiast czeka\u0107 na zmiany, bierzemy sprawy w swoje r\u0119ce.<\/strong><\/p>\n\n\n\n<p class=\"wp-block-paragraph\"><strong>Dlaczego \u201eSkuteczni Razem\u201d?<\/strong> Jeste\u015bmy grup\u0105 bezpartyjnych mieszka\u0144c\u00f3w. Reprezentujemy r\u00f3\u017cne zawody, do\u015bwiadczenia i perspektywy, ale \u0142\u0105czy nas jedno: skupienie na konkretach. Nie dzielimy si\u0119 na \u201emy\u201d i \u201ewy\u201d, nie interesuj\u0105 nas wielkie polityczne spory, kt\u00f3re nie rozwi\u0105zuj\u0105 codziennych problem\u00f3w.<\/p>\n\n\n\n<p class=\"wp-block-paragraph\">Wierzymy, \u017ce dziura w drodze, bezpiecze\u0144stwo naszych dzieci czy estetyka lokalnej przestrzeni nie maj\u0105 barw politycznych. Skupiamy si\u0119 wy\u0142\u0105cznie na szukaniu rozwi\u0105za\u0144 dla powiatu gda\u0144skiego.<\/p>\n\n\n\n<p class=\"wp-block-paragraph\"><strong>W\u0142adze pierwszej kadencji<\/strong> Aby skutecznie i transparentnie realizowa\u0107 nasze cele, powo\u0142ali\u015bmy w\u0142adze Stowarzyszenia. Na pierwsz\u0105 kadencj\u0119 wybrany zosta\u0142 Zarz\u0105d w nast\u0119puj\u0105cym sk\u0142adzie:<\/p>\n\n\n\n<ul class=\"wp-block-list\">\n<li><strong>Kamil Krai\u0144ski<\/strong> \u2013 Prezes Zarz\u0105du<\/li>\n\n\n\n<li><strong>Adam Nowocie\u0144<\/strong> \u2013 Wiceprezes Zarz\u0105du<\/li>\n\n\n\n<li><strong>Dorota Jechna<\/strong> \u2013 Wiceprezes Zarz\u0105du<\/li>\n\n\n\n<li><strong>Ewa Jechna\u2013<\/strong> Skarbnik<\/li>\n\n\n\n<li><strong>\u0141ukasz Michalewski<\/strong> \u2013 Cz\u0142onek Zarz\u0105du<\/li>\n\n\n\n<li><strong>Micha\u0142 Bieniasz-Krzywiec &#8211; <\/strong>Cz\u0142onek Zarz\u0105du<\/li>\n<\/ul>\n\n\n\n<p class=\"wp-block-paragraph\"><strong>Zr\u00f3bmy to razem!<\/strong> Ka\u017cda trwa\u0142a zmiana wymaga ludzi, kt\u00f3rzy nie odpuszczaj\u0105. Je\u015bli masz g\u0142ow\u0119 pe\u0142n\u0105 pomys\u0142\u00f3w, chcesz dzia\u0142a\u0107 w zespole, w kt\u00f3rym liczy si\u0119 sprawczo\u015b\u0107 i realna praca dla lokalnej spo\u0142eczno\u015bci \u2013 drzwi naszego Stowarzyszenia s\u0105 dla Ciebie otwarte. Nie musisz by\u0107 samorz\u0105dowym ekspertem. Wystarcz\u0105 dobre ch\u0119ci.<\/p>\n\n\n\n<p class=\"wp-block-paragraph\">Zmieniajmy nasz\u0105 okolic\u0119 na lepsze.<\/p>\n\n\n\n<p class=\"wp-block-paragraph\">\ud83d\udc49 <strong>DO\u0141\u0104CZ DO NAS \u2013 WYPE\u0141NIJ DEKLARACJ\u0118<\/strong><\/p>\n\n\n\n<p class=\"wp-block-paragraph\"><\/p>\n","protected":false},"excerpt":{"rendered":"<p>Z rado\u015bci\u0105 oficjalnie og\u0142aszamy powstanie nowej, oddolnej inicjatywy mieszka\u0144c\u00f3w \u2013 Stowarzyszenia Samorz\u0105dowego \u201eSkuteczni Razem\u201d. Powstali\u015bmy z prostej potrzeby: chcemy mie\u0107 realny wp\u0142yw na to, jak wygl\u0105da nasza najbli\u017csza okolica. Zamiast czeka\u0107 na zmiany, bierzemy sprawy w swoje r\u0119ce. Dlaczego \u201eSkuteczni Razem\u201d? Jeste\u015bmy grup\u0105 bezpartyjnych mieszka\u0144c\u00f3w. Reprezentujemy r\u00f3\u017cne zawody, do\u015bwiadczenia i perspektywy, ale \u0142\u0105czy nas jedno: [&hellip;]<\/p>\n","protected":false},"author":1,"featured_media":51,"comment_status":"open","ping_status":"open","sticky":false,"template":"","format":"standard","meta":{"footnotes":""},"categories":[6],"tags":[11,10,9,13,12,14,15,16,7,8],"class_list":["post-50","post","type-post","status-publish","format-standard","has-post-thumbnail","hentry","category-aktualnosci","tag-adam-nowocien","tag-dorota-jechna","tag-ewa-jechna","tag-kamil-krainski","tag-lukasz-michalewski","tag-michal-bieniasz-krzywiec","tag-powiat-gdanski","tag-pruszcz-gdanski","tag-skuteczni-razem","tag-stowarzyszenie"],"_links":{"self":[{"href":"https:\/\/skutecznirazem.pl\/index.php\/wp-json\/wp\/v2\/posts\/50","targetHints":{"allow":["GET"]}}],"collection":[{"href":"https:\/\/skutecznirazem.pl\/index.php\/wp-json\/wp\/v2\/posts"}],"about":[{"href":"https:\/\/skutecznirazem.pl\/index.php\/wp-json\/wp\/v2\/types\/post"}],"author":[{"embeddable":true,"href":"https:\/\/skutecznirazem.pl\/index.php\/wp-json\/wp\/v2\/users\/1"}],"replies":[{"embeddable":true,"href":"https:\/\/skutecznirazem.pl\/index.php\/wp-json\/wp\/v2\/comments?post=50"}],"version-history":[{"count":2,"href":"https:\/\/skutecznirazem.pl\/index.php\/wp-json\/wp\/v2\/posts\/50\/revisions"}],"predecessor-version":[{"id":53,"href":"https:\/\/skutecznirazem.pl\/index.php\/wp-json\/wp\/v2\/posts\/50\/revisions\/53"}],"wp:featuredmedia":[{"embeddable":true,"href":"https:\/\/skutecznirazem.pl\/index.php\/wp-json\/wp\/v2\/media\/51"}],"wp:attachment":[{"href":"https:\/\/skutecznirazem.pl\/index.php\/wp-json\/wp\/v2\/media?parent=50"}],"wp:term":[{"taxonomy":"category","embeddable":true,"href":"https:\/\/skutecznirazem.pl\/index.php\/wp-json\/wp\/v2\/categories?post=50"},{"taxonomy":"post_tag","embeddable":true,"href":"https:\/\/skutecznirazem.pl\/index.php\/wp-json\/wp\/v2\/tags?post=50"}],"curies":[{"name":"wp","href":"https:\/\/api.w.org\/{rel}","templated":true}]}}